{"id":361,"count":0,"description":"Daniel Leiter \u00e9 um artista de 19 anos de Thurn \/ East Tyrol, que se comprometeu aos dez anos de idade com a sua grande paix\u00e3o - a arte.\r\n\u00a0\r\nEle celebrou a sua estreia em 2014 aos 15 anos de idade. Com 16 anos, foi o participante mais jovem do calend\u00e1rio do Advento de Liebburg em Lienz desde a sua exist\u00eancia. Al\u00e9m disso, foi o participante mais jovem na exposi\u00e7\u00e3o conjunta \"Helfen und Freude\" de 2017 na Galeria do Hofburg em Innsbruck, j\u00e1 realizou uma noite cultural em Viena e exp\u00f4s in\u00fameras vezes no Tirol Oriental. Daniel \u00e9 o galardoado com o Pr\u00e9mio TalentScout 2015 e est\u00e1 constantemente a apoiar projectos sociais que lhe permitem ajudar aqueles que necessitam com a sua arte.\r\n\u00a0\r\nO aspirante a artista coopera com v\u00e1rios artistas, autores e m\u00fasicos austr\u00edacos.\r\n\u00a0\r\nOs seus quadros est\u00e3o em propriedade privada e p\u00fablica no Tirol Oriental, Tirol do Norte, Viena, Vorarlberg, Est\u00edria e Holanda.\r\n\u00a0\r\nAs pinturas figurativas, que brotam da imagina\u00e7\u00e3o pura, s\u00e3o frequentemente dedicadas a temas s\u00f3cio-cr\u00edticos que se destinam a induzir o observador a pensar depois, talvez at\u00e9 a repensar.\r\n\u00a0\r\nToda a sua ambi\u00e7\u00e3o \u00e9 a de criar exposi\u00e7\u00f5es internacionais - o seu maior objectivo, sem d\u00favida.","link":"https:\/\/www.artcontraire.com\/pt-pt\/artists\/daniel-leiter-pt\/","name":"Daniel Leiter","slug":"daniel-leiter-pt","taxonomy":"artist","parent":0,"meta":[],"acf":[],"yoast_head":"<!-- This site is optimized with the Yoast SEO plugin v26.8 - https:\/\/yoast.com\/product\/yoast-seo-wordpress\/ -->\n<title>Daniel Leiter Loja - artContraire<\/title>\n<meta name=\"robots\" content=\"index, follow, max-snippet:-1, max-image-preview:large, max-video-preview:-1\" \/>\n<link rel=\"canonical\" href=\"https:\/\/www.artcontraire.com\/pt-pt\/artists\/daniel-leiter-pt\/\" \/>\n<meta property=\"og:locale\" content=\"pt_PT\" \/>\n<meta property=\"og:type\" content=\"article\" \/>\n<meta property=\"og:title\" content=\"Daniel Leiter Loja - artContraire\" \/>\n<meta property=\"og:url\" content=\"https:\/\/www.artcontraire.com\/pt-pt\/artists\/daniel-leiter-pt\/\" \/>\n<meta property=\"og:site_name\" content=\"artContraire\" \/>\n<meta property=\"og:image\" content=\"https:\/\/www.artcontraire.com\/wp-content\/uploads\/artcontraire-logo-text-black.png\" \/>\n\t<meta property=\"og:image:width\" content=\"1366\" \/>\n\t<meta property=\"og:image:height\" content=\"600\" \/>\n\t<meta property=\"og:image:type\" content=\"image\/png\" \/>\n<meta name=\"twitter:card\" content=\"summary_large_image\" \/>\n<script type=\"application\/ld+json\" class=\"yoast-schema-graph\">{\"@context\":\"https:\/\/schema.org\",\"@graph\":[{\"@type\":\"CollectionPage\",\"@id\":\"https:\/\/www.artcontraire.com\/pt-pt\/artists\/daniel-leiter-pt\/\",\"url\":\"https:\/\/www.artcontraire.com\/pt-pt\/artists\/daniel-leiter-pt\/\",\"name\":\"Daniel Leiter Loja - artContraire\",\"isPartOf\":{\"@id\":\"https:\/\/www.artcontraire.com\/pt-pt\/#website\"},\"breadcrumb\":{\"@id\":\"https:\/\/www.artcontraire.com\/pt-pt\/artists\/daniel-leiter-pt\/#breadcrumb\"},\"inLanguage\":\"pt-PT\"},{\"@type\":\"BreadcrumbList\",\"@id\":\"https:\/\/www.artcontraire.com\/pt-pt\/artists\/daniel-leiter-pt\/#breadcrumb\",\"itemListElement\":[{\"@type\":\"ListItem\",\"position\":1,\"name\":\"Home\",\"item\":\"https:\/\/www.artcontraire.com\/pt-pt\/\"},{\"@type\":\"ListItem\",\"position\":2,\"name\":\"Daniel Leiter\"}]},{\"@type\":\"WebSite\",\"@id\":\"https:\/\/www.artcontraire.com\/pt-pt\/#website\",\"url\":\"https:\/\/www.artcontraire.com\/pt-pt\/\",\"name\":\"artContraire\",\"description\":\"Be part! Be art!\",\"potentialAction\":[{\"@type\":\"SearchAction\",\"target\":{\"@type\":\"EntryPoint\",\"urlTemplate\":\"https:\/\/www.artcontraire.com\/pt-pt\/?s={search_term_string}\"},\"query-input\":{\"@type\":\"PropertyValueSpecification\",\"valueRequired\":true,\"valueName\":\"search_term_string\"}}],\"inLanguage\":\"pt-PT\"}]}<\/script>\n<!-- \/ Yoast SEO plugin. -->","yoast_head_json":{"title":"Daniel Leiter Loja - artContraire","robots":{"index":"index","follow":"follow","max-snippet":"max-snippet:-1","max-image-preview":"max-image-preview:large","max-video-preview":"max-video-preview:-1"},"canonical":"https:\/\/www.artcontraire.com\/pt-pt\/artists\/daniel-leiter-pt\/","og_locale":"pt_PT","og_type":"article","og_title":"Daniel Leiter Loja - artContraire","og_url":"https:\/\/www.artcontraire.com\/pt-pt\/artists\/daniel-leiter-pt\/","og_site_name":"artContraire","og_image":[{"width":1366,"height":600,"url":"https:\/\/www.artcontraire.com\/wp-content\/uploads\/artcontraire-logo-text-black.png","type":"image\/png"}],"twitter_card":"summary_large_image","schema":{"@context":"https:\/\/schema.org","@graph":[{"@type":"CollectionPage","@id":"https:\/\/www.artcontraire.com\/pt-pt\/artists\/daniel-leiter-pt\/","url":"https:\/\/www.artcontraire.com\/pt-pt\/artists\/daniel-leiter-pt\/","name":"Daniel Leiter Loja - artContraire","isPartOf":{"@id":"https:\/\/www.artcontraire.com\/pt-pt\/#website"},"breadcrumb":{"@id":"https:\/\/www.artcontraire.com\/pt-pt\/artists\/daniel-leiter-pt\/#breadcrumb"},"inLanguage":"pt-PT"},{"@type":"BreadcrumbList","@id":"https:\/\/www.artcontraire.com\/pt-pt\/artists\/daniel-leiter-pt\/#breadcrumb","itemListElement":[{"@type":"ListItem","position":1,"name":"Home","item":"https:\/\/www.artcontraire.com\/pt-pt\/"},{"@type":"ListItem","position":2,"name":"Daniel Leiter"}]},{"@type":"WebSite","@id":"https:\/\/www.artcontraire.com\/pt-pt\/#website","url":"https:\/\/www.artcontraire.com\/pt-pt\/","name":"artContraire","description":"Be part! Be art!","potentialAction":[{"@type":"SearchAction","target":{"@type":"EntryPoint","urlTemplate":"https:\/\/www.artcontraire.com\/pt-pt\/?s={search_term_string}"},"query-input":{"@type":"PropertyValueSpecification","valueRequired":true,"valueName":"search_term_string"}}],"inLanguage":"pt-PT"}]}},"_links":{"self":[{"href":"https:\/\/www.artcontraire.com\/pt-pt\/wp-json\/wp\/v2\/artist\/361","targetHints":{"allow":["GET"]}}],"collection":[{"href":"https:\/\/www.artcontraire.com\/pt-pt\/wp-json\/wp\/v2\/artist"}],"about":[{"href":"https:\/\/www.artcontraire.com\/pt-pt\/wp-json\/wp\/v2\/taxonomies\/artist"}],"wp:post_type":[{"href":"https:\/\/www.artcontraire.com\/pt-pt\/wp-json\/wp\/v2\/product?artist=361"}],"curies":[{"name":"wp","href":"https:\/\/api.w.org\/{rel}","templated":true}]}}