{"id":360,"count":0,"description":"Patricia \u00e9 uma artista,\r\n\r\nSignifica liberdade para ela.  Como fot\u00f3grafa ex-fashion, ela teve de trabalhar com muitas pessoas numa equipa. Para ela ser fot\u00f3grafa de uma equipa significa que tem de criar um equil\u00edbrio entre todos. Mas ela aprendeu que isso n\u00e3o se enquadrava nas suas ideias de liberdade art\u00edstica e por isso decidiu trabalhar por conta pr\u00f3pria. \r\n\r\nIsto aconteceu h\u00e1 15 anos em Paris, quando imprimia muitas fotografias no seu quarto escuro. Quando olhou para a pilha de m\u00e1s impress\u00f5es, ficou triste ao deit\u00e1-las fora, por isso come\u00e7ou a usar tinta e qu\u00edmicos para transformar a impress\u00e3o original.\r\n\r\nAlguns anos mais tarde, mudou-se para Nova Iorque. Onde teve de pensar em grande e o seu trabalho estava a crescer. Foi a\u00ed que ela come\u00e7ou a transferir as suas imagens em grandes telas.\r\n\r\nA sua ferramenta favorita \u00e9 o seu FE2 Nikon. A fotografia \u00e9 a base do seu trabalho.\r\n\r\nPatricia gosta e adora tirar retratos de pessoas interessantes; especialmente aquele momento de intimidade em que est\u00e3o a olhar para ela atrav\u00e9s da sua lente e Frida est\u00e1 a apanhar o momento certo para os espelhar. \r\n\r\nO elogio mais simp\u00e1tico que recebeu foi quando um dos seus clientes lhe disse que ela fotografou a sua alma.\r\n\r\nO seu material preferido \u00e9 o papel. Primeiro de tudo, imprime nele, depois transfere a impress\u00e3o para a tela e depois Frida cobre partes da tela com todos os diferentes tipos de pap\u00e9is.\r\n\r\nA sua cor favorita \u00e9 o azul. Para Frida ela define liberdade, \u00e1gua, c\u00e9u e mist\u00e9rios. \u00c9 tamb\u00e9m a cor da cura para ela. Quando o seu trabalho est\u00e1 a correr bem, ela \u00e9 preenchida com uma sensa\u00e7\u00e3o de harmonia e realiza\u00e7\u00e3o.\r\n\r\nQuando cria uma imagem, Frida esquece tudo \u00e0 sua volta e \u00e9 uma esp\u00e9cie de medita\u00e7\u00e3o.\r\n\r\nA flexibilidade e a espontaneidade reflectem a personalidade de Frida, ela nunca sabe para onde vai, ela apenas vai e deixa acontecer e depois a magia chega a Frida.","link":"https:\/\/www.artcontraire.com\/pt-pt\/artists\/patricia-frida-pt\/","name":"Patricia Frida","slug":"patricia-frida-pt","taxonomy":"artist","parent":0,"meta":[],"acf":[],"yoast_head":"<!-- This site is optimized with the Yoast SEO plugin v26.8 - https:\/\/yoast.com\/product\/yoast-seo-wordpress\/ -->\n<title>Patricia Frida Loja - artContraire<\/title>\n<meta name=\"robots\" content=\"index, follow, max-snippet:-1, max-image-preview:large, max-video-preview:-1\" \/>\n<link rel=\"canonical\" href=\"https:\/\/www.artcontraire.com\/pt-pt\/artists\/patricia-frida-pt\/\" \/>\n<meta property=\"og:locale\" content=\"pt_PT\" \/>\n<meta property=\"og:type\" content=\"article\" \/>\n<meta property=\"og:title\" content=\"Patricia Frida Loja - artContraire\" \/>\n<meta property=\"og:url\" content=\"https:\/\/www.artcontraire.com\/pt-pt\/artists\/patricia-frida-pt\/\" \/>\n<meta property=\"og:site_name\" content=\"artContraire\" \/>\n<meta property=\"og:image\" content=\"https:\/\/www.artcontraire.com\/wp-content\/uploads\/artcontraire-logo-text-black.png\" \/>\n\t<meta property=\"og:image:width\" content=\"1366\" \/>\n\t<meta property=\"og:image:height\" content=\"600\" \/>\n\t<meta property=\"og:image:type\" content=\"image\/png\" \/>\n<meta name=\"twitter:card\" content=\"summary_large_image\" \/>\n<script type=\"application\/ld+json\" class=\"yoast-schema-graph\">{\"@context\":\"https:\/\/schema.org\",\"@graph\":[{\"@type\":\"CollectionPage\",\"@id\":\"https:\/\/www.artcontraire.com\/pt-pt\/artists\/patricia-frida-pt\/\",\"url\":\"https:\/\/www.artcontraire.com\/pt-pt\/artists\/patricia-frida-pt\/\",\"name\":\"Patricia Frida Loja - artContraire\",\"isPartOf\":{\"@id\":\"https:\/\/www.artcontraire.com\/pt-pt\/#website\"},\"breadcrumb\":{\"@id\":\"https:\/\/www.artcontraire.com\/pt-pt\/artists\/patricia-frida-pt\/#breadcrumb\"},\"inLanguage\":\"pt-PT\"},{\"@type\":\"BreadcrumbList\",\"@id\":\"https:\/\/www.artcontraire.com\/pt-pt\/artists\/patricia-frida-pt\/#breadcrumb\",\"itemListElement\":[{\"@type\":\"ListItem\",\"position\":1,\"name\":\"Home\",\"item\":\"https:\/\/www.artcontraire.com\/pt-pt\/\"},{\"@type\":\"ListItem\",\"position\":2,\"name\":\"Patricia Frida\"}]},{\"@type\":\"WebSite\",\"@id\":\"https:\/\/www.artcontraire.com\/pt-pt\/#website\",\"url\":\"https:\/\/www.artcontraire.com\/pt-pt\/\",\"name\":\"artContraire\",\"description\":\"Be part! Be art!\",\"potentialAction\":[{\"@type\":\"SearchAction\",\"target\":{\"@type\":\"EntryPoint\",\"urlTemplate\":\"https:\/\/www.artcontraire.com\/pt-pt\/?s={search_term_string}\"},\"query-input\":{\"@type\":\"PropertyValueSpecification\",\"valueRequired\":true,\"valueName\":\"search_term_string\"}}],\"inLanguage\":\"pt-PT\"}]}<\/script>\n<!-- \/ Yoast SEO plugin. -->","yoast_head_json":{"title":"Patricia Frida Loja - artContraire","robots":{"index":"index","follow":"follow","max-snippet":"max-snippet:-1","max-image-preview":"max-image-preview:large","max-video-preview":"max-video-preview:-1"},"canonical":"https:\/\/www.artcontraire.com\/pt-pt\/artists\/patricia-frida-pt\/","og_locale":"pt_PT","og_type":"article","og_title":"Patricia Frida Loja - artContraire","og_url":"https:\/\/www.artcontraire.com\/pt-pt\/artists\/patricia-frida-pt\/","og_site_name":"artContraire","og_image":[{"width":1366,"height":600,"url":"https:\/\/www.artcontraire.com\/wp-content\/uploads\/artcontraire-logo-text-black.png","type":"image\/png"}],"twitter_card":"summary_large_image","schema":{"@context":"https:\/\/schema.org","@graph":[{"@type":"CollectionPage","@id":"https:\/\/www.artcontraire.com\/pt-pt\/artists\/patricia-frida-pt\/","url":"https:\/\/www.artcontraire.com\/pt-pt\/artists\/patricia-frida-pt\/","name":"Patricia Frida Loja - artContraire","isPartOf":{"@id":"https:\/\/www.artcontraire.com\/pt-pt\/#website"},"breadcrumb":{"@id":"https:\/\/www.artcontraire.com\/pt-pt\/artists\/patricia-frida-pt\/#breadcrumb"},"inLanguage":"pt-PT"},{"@type":"BreadcrumbList","@id":"https:\/\/www.artcontraire.com\/pt-pt\/artists\/patricia-frida-pt\/#breadcrumb","itemListElement":[{"@type":"ListItem","position":1,"name":"Home","item":"https:\/\/www.artcontraire.com\/pt-pt\/"},{"@type":"ListItem","position":2,"name":"Patricia Frida"}]},{"@type":"WebSite","@id":"https:\/\/www.artcontraire.com\/pt-pt\/#website","url":"https:\/\/www.artcontraire.com\/pt-pt\/","name":"artContraire","description":"Be part! Be art!","potentialAction":[{"@type":"SearchAction","target":{"@type":"EntryPoint","urlTemplate":"https:\/\/www.artcontraire.com\/pt-pt\/?s={search_term_string}"},"query-input":{"@type":"PropertyValueSpecification","valueRequired":true,"valueName":"search_term_string"}}],"inLanguage":"pt-PT"}]}},"_links":{"self":[{"href":"https:\/\/www.artcontraire.com\/pt-pt\/wp-json\/wp\/v2\/artist\/360","targetHints":{"allow":["GET"]}}],"collection":[{"href":"https:\/\/www.artcontraire.com\/pt-pt\/wp-json\/wp\/v2\/artist"}],"about":[{"href":"https:\/\/www.artcontraire.com\/pt-pt\/wp-json\/wp\/v2\/taxonomies\/artist"}],"wp:post_type":[{"href":"https:\/\/www.artcontraire.com\/pt-pt\/wp-json\/wp\/v2\/product?artist=360"}],"curies":[{"name":"wp","href":"https:\/\/api.w.org\/{rel}","templated":true}]}}