{"id":124,"count":16,"description":"Patricia ist eine K\u00fcnstlerin,\n\nEs bedeutet Freiheit f\u00fcr sie. Als ehemalige Modefotografin durfte sie mit vielen Menschen in einem Team arbeiten. Ihre Meinung ist, dass die Aufgabe der Fotografin darin besteht, ein Gleichgewicht zwischen allen Personen zu schaffen. SIe begriff jedoch, dass dies nicht zu ihrer Idee von k\u00fcnstlerischer Freiheit passte. Also entschied sie sich, alleine zu arbeiten.\n\nDies geschah vor 15 Jahren in Paris, als sie viele Fotos in ihrem dunklen Raum druckte. Als sie sich den Haufen nicht publizierter Bilder ansah, war sie traurig, sie wegzuwerfen, also begann sie Farbe und Chemikalien zu verwenden, um den urspr\u00fcnglichen Eindruck zu ver\u00e4ndern.\n\nEin paar Jahre sp\u00e4ter zog sie nach New York. Wo sie gro\u00df denken musste und ihre Arbeit wuchs. Dort begann sie, ihre Bilder auf eine gro\u00dfe Leinwand zu \u00fcbertragen.\n\nIhr Lieblingswerkzeug ist ihre FE2 Nikon. Die Fotografie ist die Basis ihrer Arbeit.\n\nPatricia genie\u00dft und liebt es, Portr\u00e4ts von interessanten Menschen zu machen; besonders dieser Moment der Intimit\u00e4t, wenn diese sie durch ihre Linse betrachtet und Frida den richtigen Moment findet, um ihren Charakter zu spiegeln.\n\nDas sch\u00f6nste Kompliment, das sie bekam, war, als einer ihrer Klienten sagte, dass sie seine Seele fotografierte.\n\nPatricia's Lieblingsmaterial ist Papier. Zuerst druckt sie darauf, danach \u00fcbertr\u00e4gt sie den Druck auf Leinwand und dann bedeckt Frida Teile der Leinwand mit allen m\u00f6glichen Papieren.\n\nIhre Lieblingsfarbe ist blau. F\u00fcr Frida definiert es Freiheit, Wasser, Himmel und Mystik. Es ist auch die Farbe der Heilung f\u00fcr sie. Wenn ihre Arbeit gut l\u00e4uft, ist sie erf\u00fcllt von einem Gef\u00fchl der Harmonie und Erf\u00fcllung.\n\nBeim Erstellen eines Bildes vergisst Frida alles um sich herum und ger\u00e4t in eine Art der Meditation.\n\nDie Flexibilit\u00e4t und Spontaneit\u00e4t spiegelt die Pers\u00f6nlichkeit von Frida wider, sie wei\u00df nie wohin sie geht, sie geht einfach und l\u00e4sst es geschehen und dann kommt die Magie zu Frida.","link":"https:\/\/www.artcontraire.com\/de\/kuenstler\/patricia-frida-de\/","name":"Patricia Frida","slug":"patricia-frida-de","taxonomy":"artist","parent":0,"meta":[],"acf":[],"yoast_head":"<!-- This site is optimized with the Yoast SEO plugin v26.8 - https:\/\/yoast.com\/product\/yoast-seo-wordpress\/ -->\n<title>Patricia Frida Shop - artContraire<\/title>\n<meta name=\"robots\" content=\"index, follow, max-snippet:-1, max-image-preview:large, max-video-preview:-1\" \/>\n<link rel=\"canonical\" href=\"https:\/\/www.artcontraire.com\/de\/kuenstler\/patricia-frida-de\/\" \/>\n<meta property=\"og:locale\" content=\"de_DE\" \/>\n<meta property=\"og:type\" content=\"article\" \/>\n<meta property=\"og:title\" content=\"Patricia Frida Shop - artContraire\" \/>\n<meta property=\"og:url\" content=\"https:\/\/www.artcontraire.com\/de\/kuenstler\/patricia-frida-de\/\" \/>\n<meta property=\"og:site_name\" content=\"artContraire\" \/>\n<meta property=\"og:image\" content=\"https:\/\/www.artcontraire.com\/wp-content\/uploads\/artcontraire-logo-text-black.png\" \/>\n\t<meta property=\"og:image:width\" content=\"1366\" \/>\n\t<meta property=\"og:image:height\" content=\"600\" \/>\n\t<meta property=\"og:image:type\" content=\"image\/png\" \/>\n<meta name=\"twitter:card\" content=\"summary_large_image\" \/>\n<script type=\"application\/ld+json\" class=\"yoast-schema-graph\">{\"@context\":\"https:\/\/schema.org\",\"@graph\":[{\"@type\":\"CollectionPage\",\"@id\":\"https:\/\/www.artcontraire.com\/de\/kuenstler\/patricia-frida-de\/\",\"url\":\"https:\/\/www.artcontraire.com\/de\/kuenstler\/patricia-frida-de\/\",\"name\":\"Patricia Frida Shop - artContraire\",\"isPartOf\":{\"@id\":\"https:\/\/www.artcontraire.com\/de\/#website\"},\"breadcrumb\":{\"@id\":\"https:\/\/www.artcontraire.com\/de\/kuenstler\/patricia-frida-de\/#breadcrumb\"},\"inLanguage\":\"de\"},{\"@type\":\"BreadcrumbList\",\"@id\":\"https:\/\/www.artcontraire.com\/de\/kuenstler\/patricia-frida-de\/#breadcrumb\",\"itemListElement\":[{\"@type\":\"ListItem\",\"position\":1,\"name\":\"Home\",\"item\":\"https:\/\/www.artcontraire.com\/de\/\"},{\"@type\":\"ListItem\",\"position\":2,\"name\":\"Patricia Frida\"}]},{\"@type\":\"WebSite\",\"@id\":\"https:\/\/www.artcontraire.com\/de\/#website\",\"url\":\"https:\/\/www.artcontraire.com\/de\/\",\"name\":\"artContraire\",\"description\":\"Be part! Be art!\",\"potentialAction\":[{\"@type\":\"SearchAction\",\"target\":{\"@type\":\"EntryPoint\",\"urlTemplate\":\"https:\/\/www.artcontraire.com\/de\/?s={search_term_string}\"},\"query-input\":{\"@type\":\"PropertyValueSpecification\",\"valueRequired\":true,\"valueName\":\"search_term_string\"}}],\"inLanguage\":\"de\"}]}<\/script>\n<!-- \/ Yoast SEO plugin. -->","yoast_head_json":{"title":"Patricia Frida Shop - artContraire","robots":{"index":"index","follow":"follow","max-snippet":"max-snippet:-1","max-image-preview":"max-image-preview:large","max-video-preview":"max-video-preview:-1"},"canonical":"https:\/\/www.artcontraire.com\/de\/kuenstler\/patricia-frida-de\/","og_locale":"de_DE","og_type":"article","og_title":"Patricia Frida Shop - artContraire","og_url":"https:\/\/www.artcontraire.com\/de\/kuenstler\/patricia-frida-de\/","og_site_name":"artContraire","og_image":[{"width":1366,"height":600,"url":"https:\/\/www.artcontraire.com\/wp-content\/uploads\/artcontraire-logo-text-black.png","type":"image\/png"}],"twitter_card":"summary_large_image","schema":{"@context":"https:\/\/schema.org","@graph":[{"@type":"CollectionPage","@id":"https:\/\/www.artcontraire.com\/de\/kuenstler\/patricia-frida-de\/","url":"https:\/\/www.artcontraire.com\/de\/kuenstler\/patricia-frida-de\/","name":"Patricia Frida Shop - artContraire","isPartOf":{"@id":"https:\/\/www.artcontraire.com\/de\/#website"},"breadcrumb":{"@id":"https:\/\/www.artcontraire.com\/de\/kuenstler\/patricia-frida-de\/#breadcrumb"},"inLanguage":"de"},{"@type":"BreadcrumbList","@id":"https:\/\/www.artcontraire.com\/de\/kuenstler\/patricia-frida-de\/#breadcrumb","itemListElement":[{"@type":"ListItem","position":1,"name":"Home","item":"https:\/\/www.artcontraire.com\/de\/"},{"@type":"ListItem","position":2,"name":"Patricia Frida"}]},{"@type":"WebSite","@id":"https:\/\/www.artcontraire.com\/de\/#website","url":"https:\/\/www.artcontraire.com\/de\/","name":"artContraire","description":"Be part! Be art!","potentialAction":[{"@type":"SearchAction","target":{"@type":"EntryPoint","urlTemplate":"https:\/\/www.artcontraire.com\/de\/?s={search_term_string}"},"query-input":{"@type":"PropertyValueSpecification","valueRequired":true,"valueName":"search_term_string"}}],"inLanguage":"de"}]}},"_links":{"self":[{"href":"https:\/\/www.artcontraire.com\/de\/wp-json\/wp\/v2\/artist\/124","targetHints":{"allow":["GET"]}}],"collection":[{"href":"https:\/\/www.artcontraire.com\/de\/wp-json\/wp\/v2\/artist"}],"about":[{"href":"https:\/\/www.artcontraire.com\/de\/wp-json\/wp\/v2\/taxonomies\/artist"}],"wp:post_type":[{"href":"https:\/\/www.artcontraire.com\/de\/wp-json\/wp\/v2\/product?artist=124"}],"curies":[{"name":"wp","href":"https:\/\/api.w.org\/{rel}","templated":true}]}}